{"id":19753,"date":"2022-12-12T21:55:57","date_gmt":"2022-12-13T02:55:57","guid":{"rendered":"https:\/\/telium.io\/salon-de-linformatique-2023\/"},"modified":"2022-12-12T21:55:57","modified_gmt":"2022-12-13T02:55:57","slug":"salon-de-linformatique-2023","status":"publish","type":"post","link":"https:\/\/telium.io\/fr\/salon-de-linformatique-2023\/","title":{"rendered":"Salon de l\u2019informatique 2023"},"content":{"rendered":"<p>Visitez la suite Telium \u00e0 IT Expo du 14 au 17 f\u00e9vrier. Telium organisera son plus grand \u00e9v\u00e9nement \u00e0 ce jour. Rencontrez les chefs de produit, les ing\u00e9nieurs seniors et d\u00e9couvrez ce qui se trouve dans le pipeline technique. Vous pouvez \u00e9galement voir tous nos produits en cours d\u2019ex\u00e9cution dans la suite et essayer toutes les fonctionnalit\u00e9s avanc\u00e9es. R\u00e9servez un rendez-vous \u00e0 l\u2019avance pour vous assurer que nous pourrons r\u00e9pondre \u00e0 toutes vos questions.<\/p>\n","protected":false},"excerpt":{"rendered":"<p>Visitez la suite Telium \u00e0 IT Expo du 14 au 17 f\u00e9vrier. Telium organisera son plus grand \u00e9v\u00e9nement \u00e0 ce jour. Rencontrez les chefs de produit, les ing\u00e9nieurs seniors et d\u00e9couvrez ce qui se trouve dans le pipeline technique. Vous pouvez \u00e9galement voir tous nos produits en cours d\u2019ex\u00e9cution dans la suite et essayer toutes les fonctionnalit\u00e9s avanc\u00e9es. R\u00e9servez un rendez-vous \u00e0 l\u2019avance pour vous assurer que nous pourrons r\u00e9pondre \u00e0 toutes vos questions.<\/p>\n","protected":false},"author":4,"featured_media":17197,"comment_status":"open","ping_status":"open","sticky":false,"template":"","format":"standard","meta":{"_bbp_topic_count":0,"_bbp_reply_count":0,"_bbp_total_topic_count":0,"_bbp_total_reply_count":0,"_bbp_voice_count":0,"_bbp_anonymous_reply_count":0,"_bbp_topic_count_hidden":0,"_bbp_reply_count_hidden":0,"_bbp_forum_subforum_count":0,"footnotes":""},"categories":[93],"tags":[96,512,98,95],"class_list":["post-19753","post","type-post","status-publish","format-standard","has-post-thumbnail","hentry","category-nouvelles","tag-haast-fr","tag-nouvelles","tag-pbxsync-fr","tag-secast-fr"],"yoast_head":"<!-- This site is optimized with the Yoast SEO plugin v27.5 - https:\/\/yoast.com\/product\/yoast-seo-wordpress\/ -->\n<title>Salon de l\u2019informatique 2023 - Telium<\/title>\n<meta name=\"description\" content=\"Visitez Telium \u00e0 l\u2019IT Expo 2023 \u00e0 Ft. Lauderdale, Floride.\" \/>\n<meta name=\"robots\" content=\"index, follow, max-snippet:-1, max-image-preview:large, max-video-preview:-1\" \/>\n<link rel=\"canonical\" href=\"https:\/\/telium.io\/fr\/salon-de-linformatique-2023\/\" \/>\n<meta property=\"og:locale\" content=\"fr_FR\" \/>\n<meta property=\"og:type\" content=\"article\" \/>\n<meta property=\"og:title\" content=\"Salon de l\u2019informatique 2023 - Telium\" \/>\n<meta property=\"og:description\" content=\"Visitez Telium \u00e0 l\u2019IT Expo 2023 \u00e0 Ft. Lauderdale, Floride.\" \/>\n<meta property=\"og:url\" content=\"https:\/\/telium.io\/fr\/salon-de-linformatique-2023\/\" \/>\n<meta property=\"og:site_name\" content=\"Telium\" \/>\n<meta property=\"article:publisher\" content=\"https:\/\/www.facebook.com\/pages\/category\/Telecommunication-Company\/Telium-1581395458787072\/\" \/>\n<meta property=\"article:published_time\" content=\"2022-12-13T02:55:57+00:00\" \/>\n<meta property=\"og:image\" content=\"https:\/\/telium.io\/wp-content\/uploads\/sites\/6\/2023\/02\/2023-02-17-IT-expo.jpg\" \/>\n\t<meta property=\"og:image:width\" content=\"640\" \/>\n\t<meta property=\"og:image:height\" content=\"404\" \/>\n\t<meta property=\"og:image:type\" content=\"image\/jpeg\" \/>\n<meta name=\"author\" content=\"WebMaster\" \/>\n<meta name=\"twitter:card\" content=\"summary_large_image\" \/>\n<meta name=\"twitter:creator\" content=\"@telium_io\" \/>\n<meta name=\"twitter:site\" content=\"@telium_io\" \/>\n<meta name=\"twitter:label1\" content=\"Written by\" \/>\n\t<meta name=\"twitter:data1\" content=\"WebMaster\" \/>\n<script type=\"application\/ld+json\" class=\"yoast-schema-graph\">{\"@context\":\"https:\\\/\\\/schema.org\",\"@graph\":[{\"@type\":\"Article\",\"@id\":\"https:\\\/\\\/telium.io\\\/fr\\\/salon-de-linformatique-2023\\\/#article\",\"isPartOf\":{\"@id\":\"https:\\\/\\\/telium.io\\\/fr\\\/salon-de-linformatique-2023\\\/\"},\"author\":{\"name\":\"WebMaster\",\"@id\":\"https:\\\/\\\/telium.io\\\/fr\\\/#\\\/schema\\\/person\\\/6549a46bce254c23e83fc0eeea0469a6\"},\"headline\":\"Salon de l\u2019informatique 2023\",\"datePublished\":\"2022-12-13T02:55:57+00:00\",\"mainEntityOfPage\":{\"@id\":\"https:\\\/\\\/telium.io\\\/fr\\\/salon-de-linformatique-2023\\\/\"},\"wordCount\":83,\"commentCount\":0,\"publisher\":{\"@id\":\"https:\\\/\\\/telium.io\\\/fr\\\/#organization\"},\"image\":{\"@id\":\"https:\\\/\\\/telium.io\\\/fr\\\/salon-de-linformatique-2023\\\/#primaryimage\"},\"thumbnailUrl\":\"https:\\\/\\\/telium.io\\\/wp-content\\\/uploads\\\/sites\\\/6\\\/2023\\\/02\\\/2023-02-17-IT-expo.jpg\",\"keywords\":[\"HAAst\",\"nouvelles\",\"PBXSync\",\"SecAst\"],\"articleSection\":[\"Nouvelles\"],\"inLanguage\":\"fr-FR\",\"potentialAction\":[{\"@type\":\"CommentAction\",\"name\":\"Comment\",\"target\":[\"https:\\\/\\\/telium.io\\\/fr\\\/salon-de-linformatique-2023\\\/#respond\"]}]},{\"@type\":\"WebPage\",\"@id\":\"https:\\\/\\\/telium.io\\\/fr\\\/salon-de-linformatique-2023\\\/\",\"url\":\"https:\\\/\\\/telium.io\\\/fr\\\/salon-de-linformatique-2023\\\/\",\"name\":\"Salon de l\u2019informatique 2023 - Telium\",\"isPartOf\":{\"@id\":\"https:\\\/\\\/telium.io\\\/fr\\\/#website\"},\"primaryImageOfPage\":{\"@id\":\"https:\\\/\\\/telium.io\\\/fr\\\/salon-de-linformatique-2023\\\/#primaryimage\"},\"image\":{\"@id\":\"https:\\\/\\\/telium.io\\\/fr\\\/salon-de-linformatique-2023\\\/#primaryimage\"},\"thumbnailUrl\":\"https:\\\/\\\/telium.io\\\/wp-content\\\/uploads\\\/sites\\\/6\\\/2023\\\/02\\\/2023-02-17-IT-expo.jpg\",\"datePublished\":\"2022-12-13T02:55:57+00:00\",\"description\":\"Visitez Telium \u00e0 l\u2019IT Expo 2023 \u00e0 Ft. Lauderdale, Floride.\",\"breadcrumb\":{\"@id\":\"https:\\\/\\\/telium.io\\\/fr\\\/salon-de-linformatique-2023\\\/#breadcrumb\"},\"inLanguage\":\"fr-FR\",\"potentialAction\":[{\"@type\":\"ReadAction\",\"target\":[\"https:\\\/\\\/telium.io\\\/fr\\\/salon-de-linformatique-2023\\\/\"]}]},{\"@type\":\"ImageObject\",\"inLanguage\":\"fr-FR\",\"@id\":\"https:\\\/\\\/telium.io\\\/fr\\\/salon-de-linformatique-2023\\\/#primaryimage\",\"url\":\"https:\\\/\\\/telium.io\\\/wp-content\\\/uploads\\\/sites\\\/6\\\/2023\\\/02\\\/2023-02-17-IT-expo.jpg\",\"contentUrl\":\"https:\\\/\\\/telium.io\\\/wp-content\\\/uploads\\\/sites\\\/6\\\/2023\\\/02\\\/2023-02-17-IT-expo.jpg\",\"width\":640,\"height\":404,\"caption\":\"IT Expo 2023\"},{\"@type\":\"BreadcrumbList\",\"@id\":\"https:\\\/\\\/telium.io\\\/fr\\\/salon-de-linformatique-2023\\\/#breadcrumb\",\"itemListElement\":[{\"@type\":\"ListItem\",\"position\":1,\"name\":\"Home\",\"item\":\"https:\\\/\\\/telium.io\\\/fr\\\/accueil\\\/\"},{\"@type\":\"ListItem\",\"position\":2,\"name\":\"Salon de l\u2019informatique 2023\"}]},{\"@type\":\"WebSite\",\"@id\":\"https:\\\/\\\/telium.io\\\/fr\\\/#website\",\"url\":\"https:\\\/\\\/telium.io\\\/fr\\\/\",\"name\":\"Telium\",\"description\":\"T\u00e9l\u00e9phonie et T\u00e9l\u00e9matique\",\"publisher\":{\"@id\":\"https:\\\/\\\/telium.io\\\/fr\\\/#organization\"},\"potentialAction\":[{\"@type\":\"SearchAction\",\"target\":{\"@type\":\"EntryPoint\",\"urlTemplate\":\"https:\\\/\\\/telium.io\\\/fr\\\/?s={search_term_string}\"},\"query-input\":{\"@type\":\"PropertyValueSpecification\",\"valueRequired\":true,\"valueName\":\"search_term_string\"}}],\"inLanguage\":\"fr-FR\"},{\"@type\":\"Organization\",\"@id\":\"https:\\\/\\\/telium.io\\\/fr\\\/#organization\",\"name\":\"Telium\",\"url\":\"https:\\\/\\\/telium.io\\\/fr\\\/\",\"logo\":{\"@type\":\"ImageObject\",\"inLanguage\":\"fr-FR\",\"@id\":\"https:\\\/\\\/telium.io\\\/fr\\\/#\\\/schema\\\/logo\\\/image\\\/\",\"url\":\"https:\\\/\\\/telium.io\\\/wp-content\\\/uploads\\\/sites\\\/6\\\/2020\\\/01\\\/logo_o_800x800.png\",\"contentUrl\":\"https:\\\/\\\/telium.io\\\/wp-content\\\/uploads\\\/sites\\\/6\\\/2020\\\/01\\\/logo_o_800x800.png\",\"width\":800,\"height\":800,\"caption\":\"Telium\"},\"image\":{\"@id\":\"https:\\\/\\\/telium.io\\\/fr\\\/#\\\/schema\\\/logo\\\/image\\\/\"},\"sameAs\":[\"https:\\\/\\\/www.facebook.com\\\/pages\\\/category\\\/Telecommunication-Company\\\/Telium-1581395458787072\\\/\",\"https:\\\/\\\/x.com\\\/telium_io\",\"https:\\\/\\\/ca.linkedin.com\\\/company\\\/telium\"]},{\"@type\":\"Person\",\"@id\":\"https:\\\/\\\/telium.io\\\/fr\\\/#\\\/schema\\\/person\\\/6549a46bce254c23e83fc0eeea0469a6\",\"name\":\"WebMaster\",\"image\":{\"@type\":\"ImageObject\",\"inLanguage\":\"fr-FR\",\"@id\":\"https:\\\/\\\/secure.gravatar.com\\\/avatar\\\/0b68ee46b8f5c4de7d6010223aba7cf418e0e5d75e18ac0f8ed83da1bb82783f?s=96&d=identicon&r=g\",\"url\":\"https:\\\/\\\/secure.gravatar.com\\\/avatar\\\/0b68ee46b8f5c4de7d6010223aba7cf418e0e5d75e18ac0f8ed83da1bb82783f?s=96&d=identicon&r=g\",\"contentUrl\":\"https:\\\/\\\/secure.gravatar.com\\\/avatar\\\/0b68ee46b8f5c4de7d6010223aba7cf418e0e5d75e18ac0f8ed83da1bb82783f?s=96&d=identicon&r=g\",\"caption\":\"WebMaster\"},\"url\":\"https:\\\/\\\/telium.io\\\/fr\\\/author\\\/mstahl\\\/\"}]}<\/script>\n<!-- \/ Yoast SEO plugin. -->","yoast_head_json":{"title":"Salon de l\u2019informatique 2023 - Telium","description":"Visitez Telium \u00e0 l\u2019IT Expo 2023 \u00e0 Ft. Lauderdale, Floride.","robots":{"index":"index","follow":"follow","max-snippet":"max-snippet:-1","max-image-preview":"max-image-preview:large","max-video-preview":"max-video-preview:-1"},"canonical":"https:\/\/telium.io\/fr\/salon-de-linformatique-2023\/","og_locale":"fr_FR","og_type":"article","og_title":"Salon de l\u2019informatique 2023 - Telium","og_description":"Visitez Telium \u00e0 l\u2019IT Expo 2023 \u00e0 Ft. Lauderdale, Floride.","og_url":"https:\/\/telium.io\/fr\/salon-de-linformatique-2023\/","og_site_name":"Telium","article_publisher":"https:\/\/www.facebook.com\/pages\/category\/Telecommunication-Company\/Telium-1581395458787072\/","article_published_time":"2022-12-13T02:55:57+00:00","og_image":[{"width":640,"height":404,"url":"https:\/\/telium.io\/wp-content\/uploads\/sites\/6\/2023\/02\/2023-02-17-IT-expo.jpg","type":"image\/jpeg"}],"author":"WebMaster","twitter_card":"summary_large_image","twitter_creator":"@telium_io","twitter_site":"@telium_io","twitter_misc":{"Written by":"WebMaster"},"schema":{"@context":"https:\/\/schema.org","@graph":[{"@type":"Article","@id":"https:\/\/telium.io\/fr\/salon-de-linformatique-2023\/#article","isPartOf":{"@id":"https:\/\/telium.io\/fr\/salon-de-linformatique-2023\/"},"author":{"name":"WebMaster","@id":"https:\/\/telium.io\/fr\/#\/schema\/person\/6549a46bce254c23e83fc0eeea0469a6"},"headline":"Salon de l\u2019informatique 2023","datePublished":"2022-12-13T02:55:57+00:00","mainEntityOfPage":{"@id":"https:\/\/telium.io\/fr\/salon-de-linformatique-2023\/"},"wordCount":83,"commentCount":0,"publisher":{"@id":"https:\/\/telium.io\/fr\/#organization"},"image":{"@id":"https:\/\/telium.io\/fr\/salon-de-linformatique-2023\/#primaryimage"},"thumbnailUrl":"https:\/\/telium.io\/wp-content\/uploads\/sites\/6\/2023\/02\/2023-02-17-IT-expo.jpg","keywords":["HAAst","nouvelles","PBXSync","SecAst"],"articleSection":["Nouvelles"],"inLanguage":"fr-FR","potentialAction":[{"@type":"CommentAction","name":"Comment","target":["https:\/\/telium.io\/fr\/salon-de-linformatique-2023\/#respond"]}]},{"@type":"WebPage","@id":"https:\/\/telium.io\/fr\/salon-de-linformatique-2023\/","url":"https:\/\/telium.io\/fr\/salon-de-linformatique-2023\/","name":"Salon de l\u2019informatique 2023 - Telium","isPartOf":{"@id":"https:\/\/telium.io\/fr\/#website"},"primaryImageOfPage":{"@id":"https:\/\/telium.io\/fr\/salon-de-linformatique-2023\/#primaryimage"},"image":{"@id":"https:\/\/telium.io\/fr\/salon-de-linformatique-2023\/#primaryimage"},"thumbnailUrl":"https:\/\/telium.io\/wp-content\/uploads\/sites\/6\/2023\/02\/2023-02-17-IT-expo.jpg","datePublished":"2022-12-13T02:55:57+00:00","description":"Visitez Telium \u00e0 l\u2019IT Expo 2023 \u00e0 Ft. Lauderdale, Floride.","breadcrumb":{"@id":"https:\/\/telium.io\/fr\/salon-de-linformatique-2023\/#breadcrumb"},"inLanguage":"fr-FR","potentialAction":[{"@type":"ReadAction","target":["https:\/\/telium.io\/fr\/salon-de-linformatique-2023\/"]}]},{"@type":"ImageObject","inLanguage":"fr-FR","@id":"https:\/\/telium.io\/fr\/salon-de-linformatique-2023\/#primaryimage","url":"https:\/\/telium.io\/wp-content\/uploads\/sites\/6\/2023\/02\/2023-02-17-IT-expo.jpg","contentUrl":"https:\/\/telium.io\/wp-content\/uploads\/sites\/6\/2023\/02\/2023-02-17-IT-expo.jpg","width":640,"height":404,"caption":"IT Expo 2023"},{"@type":"BreadcrumbList","@id":"https:\/\/telium.io\/fr\/salon-de-linformatique-2023\/#breadcrumb","itemListElement":[{"@type":"ListItem","position":1,"name":"Home","item":"https:\/\/telium.io\/fr\/accueil\/"},{"@type":"ListItem","position":2,"name":"Salon de l\u2019informatique 2023"}]},{"@type":"WebSite","@id":"https:\/\/telium.io\/fr\/#website","url":"https:\/\/telium.io\/fr\/","name":"Telium","description":"T\u00e9l\u00e9phonie et T\u00e9l\u00e9matique","publisher":{"@id":"https:\/\/telium.io\/fr\/#organization"},"potentialAction":[{"@type":"SearchAction","target":{"@type":"EntryPoint","urlTemplate":"https:\/\/telium.io\/fr\/?s={search_term_string}"},"query-input":{"@type":"PropertyValueSpecification","valueRequired":true,"valueName":"search_term_string"}}],"inLanguage":"fr-FR"},{"@type":"Organization","@id":"https:\/\/telium.io\/fr\/#organization","name":"Telium","url":"https:\/\/telium.io\/fr\/","logo":{"@type":"ImageObject","inLanguage":"fr-FR","@id":"https:\/\/telium.io\/fr\/#\/schema\/logo\/image\/","url":"https:\/\/telium.io\/wp-content\/uploads\/sites\/6\/2020\/01\/logo_o_800x800.png","contentUrl":"https:\/\/telium.io\/wp-content\/uploads\/sites\/6\/2020\/01\/logo_o_800x800.png","width":800,"height":800,"caption":"Telium"},"image":{"@id":"https:\/\/telium.io\/fr\/#\/schema\/logo\/image\/"},"sameAs":["https:\/\/www.facebook.com\/pages\/category\/Telecommunication-Company\/Telium-1581395458787072\/","https:\/\/x.com\/telium_io","https:\/\/ca.linkedin.com\/company\/telium"]},{"@type":"Person","@id":"https:\/\/telium.io\/fr\/#\/schema\/person\/6549a46bce254c23e83fc0eeea0469a6","name":"WebMaster","image":{"@type":"ImageObject","inLanguage":"fr-FR","@id":"https:\/\/secure.gravatar.com\/avatar\/0b68ee46b8f5c4de7d6010223aba7cf418e0e5d75e18ac0f8ed83da1bb82783f?s=96&d=identicon&r=g","url":"https:\/\/secure.gravatar.com\/avatar\/0b68ee46b8f5c4de7d6010223aba7cf418e0e5d75e18ac0f8ed83da1bb82783f?s=96&d=identicon&r=g","contentUrl":"https:\/\/secure.gravatar.com\/avatar\/0b68ee46b8f5c4de7d6010223aba7cf418e0e5d75e18ac0f8ed83da1bb82783f?s=96&d=identicon&r=g","caption":"WebMaster"},"url":"https:\/\/telium.io\/fr\/author\/mstahl\/"}]}},"_links":{"self":[{"href":"https:\/\/telium.io\/fr\/wp-json\/wp\/v2\/posts\/19753","targetHints":{"allow":["GET"]}}],"collection":[{"href":"https:\/\/telium.io\/fr\/wp-json\/wp\/v2\/posts"}],"about":[{"href":"https:\/\/telium.io\/fr\/wp-json\/wp\/v2\/types\/post"}],"author":[{"embeddable":true,"href":"https:\/\/telium.io\/fr\/wp-json\/wp\/v2\/users\/4"}],"replies":[{"embeddable":true,"href":"https:\/\/telium.io\/fr\/wp-json\/wp\/v2\/comments?post=19753"}],"version-history":[{"count":0,"href":"https:\/\/telium.io\/fr\/wp-json\/wp\/v2\/posts\/19753\/revisions"}],"wp:featuredmedia":[{"embeddable":true,"href":"https:\/\/telium.io\/fr\/wp-json\/wp\/v2\/media\/17197"}],"wp:attachment":[{"href":"https:\/\/telium.io\/fr\/wp-json\/wp\/v2\/media?parent=19753"}],"wp:term":[{"taxonomy":"category","embeddable":true,"href":"https:\/\/telium.io\/fr\/wp-json\/wp\/v2\/categories?post=19753"},{"taxonomy":"post_tag","embeddable":true,"href":"https:\/\/telium.io\/fr\/wp-json\/wp\/v2\/tags?post=19753"}],"curies":[{"name":"wp","href":"https:\/\/api.w.org\/{rel}","templated":true}]}}