{"id":19723,"date":"2022-03-28T17:59:52","date_gmt":"2022-03-28T22:59:52","guid":{"rendered":"https:\/\/telium.io\/retards-dus-a-la-demande\/"},"modified":"2022-03-28T17:59:52","modified_gmt":"2022-03-28T22:59:52","slug":"retards-dus-a-la-demande","status":"publish","type":"post","link":"https:\/\/telium.io\/fr\/retards-dus-a-la-demande\/","title":{"rendered":"Retards dus \u00e0 la demande"},"content":{"rendered":"<p>En raison de demandes sans pr\u00e9c\u00e9dent, le d\u00e9lai actuel de r\u00e9servation des projets du groupe de services professionnels est de plus de 100 jours. Nous essayons d\u2019ajouter du personnel, mais ce d\u00e9lai ne sera pas r\u00e9duit avant ao\u00fbt 2020 ou plus tard.<\/p>\n","protected":false},"excerpt":{"rendered":"<p>En raison de demandes sans pr\u00e9c\u00e9dent, le d\u00e9lai actuel de r\u00e9servation des projets du groupe de services professionnels est de plus de 100 jours. Nous essayons d\u2019ajouter du personnel, mais ce d\u00e9lai ne sera pas r\u00e9duit avant ao\u00fbt 2020 ou plus tard.<\/p>\n","protected":false},"author":4,"featured_media":16938,"comment_status":"open","ping_status":"open","sticky":false,"template":"","format":"standard","meta":{"_bbp_topic_count":0,"_bbp_reply_count":0,"_bbp_total_topic_count":0,"_bbp_total_reply_count":0,"_bbp_voice_count":0,"_bbp_anonymous_reply_count":0,"_bbp_topic_count_hidden":0,"_bbp_reply_count_hidden":0,"_bbp_forum_subforum_count":0,"footnotes":""},"categories":[93],"tags":[485],"class_list":["post-19723","post","type-post","status-publish","format-standard","has-post-thumbnail","hentry","category-nouvelles","tag-groupe-des-services-professionnels"],"yoast_head":"<!-- This site is optimized with the Yoast SEO plugin v27.5 - https:\/\/yoast.com\/product\/yoast-seo-wordpress\/ -->\n<title>Retards dus \u00e0 la demande - Telium<\/title>\n<meta name=\"description\" content=\"Le d\u00e9lai d\u2019ex\u00e9cution des projets du groupe de services professionnels Telium d\u00e9passe d\u00e9sormais les 100 jours\" \/>\n<meta name=\"robots\" content=\"index, follow, max-snippet:-1, max-image-preview:large, max-video-preview:-1\" \/>\n<link rel=\"canonical\" href=\"https:\/\/telium.io\/fr\/retards-dus-a-la-demande\/\" \/>\n<meta property=\"og:locale\" content=\"fr_FR\" \/>\n<meta property=\"og:type\" content=\"article\" \/>\n<meta property=\"og:title\" content=\"Retards dus \u00e0 la demande - Telium\" \/>\n<meta property=\"og:description\" content=\"Le d\u00e9lai d\u2019ex\u00e9cution des projets du groupe de services professionnels Telium d\u00e9passe d\u00e9sormais les 100 jours\" \/>\n<meta property=\"og:url\" content=\"https:\/\/telium.io\/fr\/retards-dus-a-la-demande\/\" \/>\n<meta property=\"og:site_name\" content=\"Telium\" \/>\n<meta property=\"article:publisher\" content=\"https:\/\/www.facebook.com\/pages\/category\/Telecommunication-Company\/Telium-1581395458787072\/\" \/>\n<meta property=\"article:published_time\" content=\"2022-03-28T22:59:52+00:00\" \/>\n<meta property=\"og:image\" content=\"https:\/\/telium.io\/wp-content\/uploads\/sites\/6\/2022\/03\/2022-Service-Delays.jpg\" \/>\n\t<meta property=\"og:image:width\" content=\"640\" \/>\n\t<meta property=\"og:image:height\" content=\"404\" \/>\n\t<meta property=\"og:image:type\" content=\"image\/jpeg\" \/>\n<meta name=\"author\" content=\"WebMaster\" \/>\n<meta name=\"twitter:card\" content=\"summary_large_image\" \/>\n<meta name=\"twitter:creator\" content=\"@telium_io\" \/>\n<meta name=\"twitter:site\" content=\"@telium_io\" \/>\n<meta name=\"twitter:label1\" content=\"Written by\" \/>\n\t<meta name=\"twitter:data1\" content=\"WebMaster\" \/>\n<script type=\"application\/ld+json\" class=\"yoast-schema-graph\">{\"@context\":\"https:\\\/\\\/schema.org\",\"@graph\":[{\"@type\":\"Article\",\"@id\":\"https:\\\/\\\/telium.io\\\/fr\\\/retards-dus-a-la-demande\\\/#article\",\"isPartOf\":{\"@id\":\"https:\\\/\\\/telium.io\\\/fr\\\/retards-dus-a-la-demande\\\/\"},\"author\":{\"name\":\"WebMaster\",\"@id\":\"https:\\\/\\\/telium.io\\\/fr\\\/#\\\/schema\\\/person\\\/6549a46bce254c23e83fc0eeea0469a6\"},\"headline\":\"Retards dus \u00e0 la demande\",\"datePublished\":\"2022-03-28T22:59:52+00:00\",\"mainEntityOfPage\":{\"@id\":\"https:\\\/\\\/telium.io\\\/fr\\\/retards-dus-a-la-demande\\\/\"},\"wordCount\":52,\"commentCount\":0,\"publisher\":{\"@id\":\"https:\\\/\\\/telium.io\\\/fr\\\/#organization\"},\"image\":{\"@id\":\"https:\\\/\\\/telium.io\\\/fr\\\/retards-dus-a-la-demande\\\/#primaryimage\"},\"thumbnailUrl\":\"https:\\\/\\\/telium.io\\\/wp-content\\\/uploads\\\/sites\\\/6\\\/2022\\\/03\\\/2022-Service-Delays.jpg\",\"keywords\":[\"Groupe des services professionnels\"],\"articleSection\":[\"Nouvelles\"],\"inLanguage\":\"fr-FR\",\"potentialAction\":[{\"@type\":\"CommentAction\",\"name\":\"Comment\",\"target\":[\"https:\\\/\\\/telium.io\\\/fr\\\/retards-dus-a-la-demande\\\/#respond\"]}]},{\"@type\":\"WebPage\",\"@id\":\"https:\\\/\\\/telium.io\\\/fr\\\/retards-dus-a-la-demande\\\/\",\"url\":\"https:\\\/\\\/telium.io\\\/fr\\\/retards-dus-a-la-demande\\\/\",\"name\":\"Retards dus \u00e0 la demande - Telium\",\"isPartOf\":{\"@id\":\"https:\\\/\\\/telium.io\\\/fr\\\/#website\"},\"primaryImageOfPage\":{\"@id\":\"https:\\\/\\\/telium.io\\\/fr\\\/retards-dus-a-la-demande\\\/#primaryimage\"},\"image\":{\"@id\":\"https:\\\/\\\/telium.io\\\/fr\\\/retards-dus-a-la-demande\\\/#primaryimage\"},\"thumbnailUrl\":\"https:\\\/\\\/telium.io\\\/wp-content\\\/uploads\\\/sites\\\/6\\\/2022\\\/03\\\/2022-Service-Delays.jpg\",\"datePublished\":\"2022-03-28T22:59:52+00:00\",\"description\":\"Le d\u00e9lai d\u2019ex\u00e9cution des projets du groupe de services professionnels Telium d\u00e9passe d\u00e9sormais les 100 jours\",\"breadcrumb\":{\"@id\":\"https:\\\/\\\/telium.io\\\/fr\\\/retards-dus-a-la-demande\\\/#breadcrumb\"},\"inLanguage\":\"fr-FR\",\"potentialAction\":[{\"@type\":\"ReadAction\",\"target\":[\"https:\\\/\\\/telium.io\\\/fr\\\/retards-dus-a-la-demande\\\/\"]}]},{\"@type\":\"ImageObject\",\"inLanguage\":\"fr-FR\",\"@id\":\"https:\\\/\\\/telium.io\\\/fr\\\/retards-dus-a-la-demande\\\/#primaryimage\",\"url\":\"https:\\\/\\\/telium.io\\\/wp-content\\\/uploads\\\/sites\\\/6\\\/2022\\\/03\\\/2022-Service-Delays.jpg\",\"contentUrl\":\"https:\\\/\\\/telium.io\\\/wp-content\\\/uploads\\\/sites\\\/6\\\/2022\\\/03\\\/2022-Service-Delays.jpg\",\"width\":640,\"height\":404},{\"@type\":\"BreadcrumbList\",\"@id\":\"https:\\\/\\\/telium.io\\\/fr\\\/retards-dus-a-la-demande\\\/#breadcrumb\",\"itemListElement\":[{\"@type\":\"ListItem\",\"position\":1,\"name\":\"Home\",\"item\":\"https:\\\/\\\/telium.io\\\/fr\\\/accueil\\\/\"},{\"@type\":\"ListItem\",\"position\":2,\"name\":\"Retards dus \u00e0 la demande\"}]},{\"@type\":\"WebSite\",\"@id\":\"https:\\\/\\\/telium.io\\\/fr\\\/#website\",\"url\":\"https:\\\/\\\/telium.io\\\/fr\\\/\",\"name\":\"Telium\",\"description\":\"T\u00e9l\u00e9phonie et T\u00e9l\u00e9matique\",\"publisher\":{\"@id\":\"https:\\\/\\\/telium.io\\\/fr\\\/#organization\"},\"potentialAction\":[{\"@type\":\"SearchAction\",\"target\":{\"@type\":\"EntryPoint\",\"urlTemplate\":\"https:\\\/\\\/telium.io\\\/fr\\\/?s={search_term_string}\"},\"query-input\":{\"@type\":\"PropertyValueSpecification\",\"valueRequired\":true,\"valueName\":\"search_term_string\"}}],\"inLanguage\":\"fr-FR\"},{\"@type\":\"Organization\",\"@id\":\"https:\\\/\\\/telium.io\\\/fr\\\/#organization\",\"name\":\"Telium\",\"url\":\"https:\\\/\\\/telium.io\\\/fr\\\/\",\"logo\":{\"@type\":\"ImageObject\",\"inLanguage\":\"fr-FR\",\"@id\":\"https:\\\/\\\/telium.io\\\/fr\\\/#\\\/schema\\\/logo\\\/image\\\/\",\"url\":\"https:\\\/\\\/telium.io\\\/wp-content\\\/uploads\\\/sites\\\/6\\\/2020\\\/01\\\/logo_o_800x800.png\",\"contentUrl\":\"https:\\\/\\\/telium.io\\\/wp-content\\\/uploads\\\/sites\\\/6\\\/2020\\\/01\\\/logo_o_800x800.png\",\"width\":800,\"height\":800,\"caption\":\"Telium\"},\"image\":{\"@id\":\"https:\\\/\\\/telium.io\\\/fr\\\/#\\\/schema\\\/logo\\\/image\\\/\"},\"sameAs\":[\"https:\\\/\\\/www.facebook.com\\\/pages\\\/category\\\/Telecommunication-Company\\\/Telium-1581395458787072\\\/\",\"https:\\\/\\\/x.com\\\/telium_io\",\"https:\\\/\\\/ca.linkedin.com\\\/company\\\/telium\"]},{\"@type\":\"Person\",\"@id\":\"https:\\\/\\\/telium.io\\\/fr\\\/#\\\/schema\\\/person\\\/6549a46bce254c23e83fc0eeea0469a6\",\"name\":\"WebMaster\",\"image\":{\"@type\":\"ImageObject\",\"inLanguage\":\"fr-FR\",\"@id\":\"https:\\\/\\\/secure.gravatar.com\\\/avatar\\\/0b68ee46b8f5c4de7d6010223aba7cf418e0e5d75e18ac0f8ed83da1bb82783f?s=96&d=identicon&r=g\",\"url\":\"https:\\\/\\\/secure.gravatar.com\\\/avatar\\\/0b68ee46b8f5c4de7d6010223aba7cf418e0e5d75e18ac0f8ed83da1bb82783f?s=96&d=identicon&r=g\",\"contentUrl\":\"https:\\\/\\\/secure.gravatar.com\\\/avatar\\\/0b68ee46b8f5c4de7d6010223aba7cf418e0e5d75e18ac0f8ed83da1bb82783f?s=96&d=identicon&r=g\",\"caption\":\"WebMaster\"},\"url\":\"https:\\\/\\\/telium.io\\\/fr\\\/author\\\/mstahl\\\/\"}]}<\/script>\n<!-- \/ Yoast SEO plugin. -->","yoast_head_json":{"title":"Retards dus \u00e0 la demande - Telium","description":"Le d\u00e9lai d\u2019ex\u00e9cution des projets du groupe de services professionnels Telium d\u00e9passe d\u00e9sormais les 100 jours","robots":{"index":"index","follow":"follow","max-snippet":"max-snippet:-1","max-image-preview":"max-image-preview:large","max-video-preview":"max-video-preview:-1"},"canonical":"https:\/\/telium.io\/fr\/retards-dus-a-la-demande\/","og_locale":"fr_FR","og_type":"article","og_title":"Retards dus \u00e0 la demande - Telium","og_description":"Le d\u00e9lai d\u2019ex\u00e9cution des projets du groupe de services professionnels Telium d\u00e9passe d\u00e9sormais les 100 jours","og_url":"https:\/\/telium.io\/fr\/retards-dus-a-la-demande\/","og_site_name":"Telium","article_publisher":"https:\/\/www.facebook.com\/pages\/category\/Telecommunication-Company\/Telium-1581395458787072\/","article_published_time":"2022-03-28T22:59:52+00:00","og_image":[{"width":640,"height":404,"url":"https:\/\/telium.io\/wp-content\/uploads\/sites\/6\/2022\/03\/2022-Service-Delays.jpg","type":"image\/jpeg"}],"author":"WebMaster","twitter_card":"summary_large_image","twitter_creator":"@telium_io","twitter_site":"@telium_io","twitter_misc":{"Written by":"WebMaster"},"schema":{"@context":"https:\/\/schema.org","@graph":[{"@type":"Article","@id":"https:\/\/telium.io\/fr\/retards-dus-a-la-demande\/#article","isPartOf":{"@id":"https:\/\/telium.io\/fr\/retards-dus-a-la-demande\/"},"author":{"name":"WebMaster","@id":"https:\/\/telium.io\/fr\/#\/schema\/person\/6549a46bce254c23e83fc0eeea0469a6"},"headline":"Retards dus \u00e0 la demande","datePublished":"2022-03-28T22:59:52+00:00","mainEntityOfPage":{"@id":"https:\/\/telium.io\/fr\/retards-dus-a-la-demande\/"},"wordCount":52,"commentCount":0,"publisher":{"@id":"https:\/\/telium.io\/fr\/#organization"},"image":{"@id":"https:\/\/telium.io\/fr\/retards-dus-a-la-demande\/#primaryimage"},"thumbnailUrl":"https:\/\/telium.io\/wp-content\/uploads\/sites\/6\/2022\/03\/2022-Service-Delays.jpg","keywords":["Groupe des services professionnels"],"articleSection":["Nouvelles"],"inLanguage":"fr-FR","potentialAction":[{"@type":"CommentAction","name":"Comment","target":["https:\/\/telium.io\/fr\/retards-dus-a-la-demande\/#respond"]}]},{"@type":"WebPage","@id":"https:\/\/telium.io\/fr\/retards-dus-a-la-demande\/","url":"https:\/\/telium.io\/fr\/retards-dus-a-la-demande\/","name":"Retards dus \u00e0 la demande - Telium","isPartOf":{"@id":"https:\/\/telium.io\/fr\/#website"},"primaryImageOfPage":{"@id":"https:\/\/telium.io\/fr\/retards-dus-a-la-demande\/#primaryimage"},"image":{"@id":"https:\/\/telium.io\/fr\/retards-dus-a-la-demande\/#primaryimage"},"thumbnailUrl":"https:\/\/telium.io\/wp-content\/uploads\/sites\/6\/2022\/03\/2022-Service-Delays.jpg","datePublished":"2022-03-28T22:59:52+00:00","description":"Le d\u00e9lai d\u2019ex\u00e9cution des projets du groupe de services professionnels Telium d\u00e9passe d\u00e9sormais les 100 jours","breadcrumb":{"@id":"https:\/\/telium.io\/fr\/retards-dus-a-la-demande\/#breadcrumb"},"inLanguage":"fr-FR","potentialAction":[{"@type":"ReadAction","target":["https:\/\/telium.io\/fr\/retards-dus-a-la-demande\/"]}]},{"@type":"ImageObject","inLanguage":"fr-FR","@id":"https:\/\/telium.io\/fr\/retards-dus-a-la-demande\/#primaryimage","url":"https:\/\/telium.io\/wp-content\/uploads\/sites\/6\/2022\/03\/2022-Service-Delays.jpg","contentUrl":"https:\/\/telium.io\/wp-content\/uploads\/sites\/6\/2022\/03\/2022-Service-Delays.jpg","width":640,"height":404},{"@type":"BreadcrumbList","@id":"https:\/\/telium.io\/fr\/retards-dus-a-la-demande\/#breadcrumb","itemListElement":[{"@type":"ListItem","position":1,"name":"Home","item":"https:\/\/telium.io\/fr\/accueil\/"},{"@type":"ListItem","position":2,"name":"Retards dus \u00e0 la demande"}]},{"@type":"WebSite","@id":"https:\/\/telium.io\/fr\/#website","url":"https:\/\/telium.io\/fr\/","name":"Telium","description":"T\u00e9l\u00e9phonie et T\u00e9l\u00e9matique","publisher":{"@id":"https:\/\/telium.io\/fr\/#organization"},"potentialAction":[{"@type":"SearchAction","target":{"@type":"EntryPoint","urlTemplate":"https:\/\/telium.io\/fr\/?s={search_term_string}"},"query-input":{"@type":"PropertyValueSpecification","valueRequired":true,"valueName":"search_term_string"}}],"inLanguage":"fr-FR"},{"@type":"Organization","@id":"https:\/\/telium.io\/fr\/#organization","name":"Telium","url":"https:\/\/telium.io\/fr\/","logo":{"@type":"ImageObject","inLanguage":"fr-FR","@id":"https:\/\/telium.io\/fr\/#\/schema\/logo\/image\/","url":"https:\/\/telium.io\/wp-content\/uploads\/sites\/6\/2020\/01\/logo_o_800x800.png","contentUrl":"https:\/\/telium.io\/wp-content\/uploads\/sites\/6\/2020\/01\/logo_o_800x800.png","width":800,"height":800,"caption":"Telium"},"image":{"@id":"https:\/\/telium.io\/fr\/#\/schema\/logo\/image\/"},"sameAs":["https:\/\/www.facebook.com\/pages\/category\/Telecommunication-Company\/Telium-1581395458787072\/","https:\/\/x.com\/telium_io","https:\/\/ca.linkedin.com\/company\/telium"]},{"@type":"Person","@id":"https:\/\/telium.io\/fr\/#\/schema\/person\/6549a46bce254c23e83fc0eeea0469a6","name":"WebMaster","image":{"@type":"ImageObject","inLanguage":"fr-FR","@id":"https:\/\/secure.gravatar.com\/avatar\/0b68ee46b8f5c4de7d6010223aba7cf418e0e5d75e18ac0f8ed83da1bb82783f?s=96&d=identicon&r=g","url":"https:\/\/secure.gravatar.com\/avatar\/0b68ee46b8f5c4de7d6010223aba7cf418e0e5d75e18ac0f8ed83da1bb82783f?s=96&d=identicon&r=g","contentUrl":"https:\/\/secure.gravatar.com\/avatar\/0b68ee46b8f5c4de7d6010223aba7cf418e0e5d75e18ac0f8ed83da1bb82783f?s=96&d=identicon&r=g","caption":"WebMaster"},"url":"https:\/\/telium.io\/fr\/author\/mstahl\/"}]}},"_links":{"self":[{"href":"https:\/\/telium.io\/fr\/wp-json\/wp\/v2\/posts\/19723","targetHints":{"allow":["GET"]}}],"collection":[{"href":"https:\/\/telium.io\/fr\/wp-json\/wp\/v2\/posts"}],"about":[{"href":"https:\/\/telium.io\/fr\/wp-json\/wp\/v2\/types\/post"}],"author":[{"embeddable":true,"href":"https:\/\/telium.io\/fr\/wp-json\/wp\/v2\/users\/4"}],"replies":[{"embeddable":true,"href":"https:\/\/telium.io\/fr\/wp-json\/wp\/v2\/comments?post=19723"}],"version-history":[{"count":0,"href":"https:\/\/telium.io\/fr\/wp-json\/wp\/v2\/posts\/19723\/revisions"}],"wp:featuredmedia":[{"embeddable":true,"href":"https:\/\/telium.io\/fr\/wp-json\/wp\/v2\/media\/16938"}],"wp:attachment":[{"href":"https:\/\/telium.io\/fr\/wp-json\/wp\/v2\/media?parent=19723"}],"wp:term":[{"taxonomy":"category","embeddable":true,"href":"https:\/\/telium.io\/fr\/wp-json\/wp\/v2\/categories?post=19723"},{"taxonomy":"post_tag","embeddable":true,"href":"https:\/\/telium.io\/fr\/wp-json\/wp\/v2\/tags?post=19723"}],"curies":[{"name":"wp","href":"https:\/\/api.w.org\/{rel}","templated":true}]}}