{"id":19718,"date":"2022-03-02T21:38:55","date_gmt":"2022-03-03T02:38:55","guid":{"rendered":"https:\/\/telium.io\/telium-relie-les-forces-armees-allemandes\/"},"modified":"2022-03-02T21:38:55","modified_gmt":"2022-03-03T02:38:55","slug":"telium-relie-les-forces-armees-allemandes","status":"publish","type":"post","link":"https:\/\/telium.io\/fr\/telium-relie-les-forces-armees-allemandes\/","title":{"rendered":"Telium relie les forces arm\u00e9es allemandes"},"content":{"rendered":"<p>Telium est fier de fournir ses produits de haute disponibilit\u00e9 et de s\u00e9curit\u00e9 alors que les forces arm\u00e9es allemandes int\u00e8grent leurs r\u00e9seaux radio s\u00e9curis\u00e9s avec SIP.<\/p>\n","protected":false},"excerpt":{"rendered":"<p>Telium est fier de fournir ses produits de haute disponibilit\u00e9 et de s\u00e9curit\u00e9 alors que les forces arm\u00e9es allemandes int\u00e8grent leurs r\u00e9seaux radio s\u00e9curis\u00e9s avec SIP.<\/p>\n","protected":false},"author":4,"featured_media":16926,"comment_status":"open","ping_status":"open","sticky":false,"template":"","format":"standard","meta":{"_bbp_topic_count":0,"_bbp_reply_count":0,"_bbp_total_topic_count":0,"_bbp_total_reply_count":0,"_bbp_voice_count":0,"_bbp_anonymous_reply_count":0,"_bbp_topic_count_hidden":0,"_bbp_reply_count_hidden":0,"_bbp_forum_subforum_count":0,"footnotes":""},"categories":[93],"tags":[447,477,478,96],"class_list":["post-19718","post","type-post","status-publish","format-standard","has-post-thumbnail","hentry","category-nouvelles","tag-2022-fr","tag-allemand","tag-forces-armees","tag-haast-fr"],"yoast_head":"<!-- This site is optimized with the Yoast SEO plugin v27.5 - https:\/\/yoast.com\/product\/yoast-seo-wordpress\/ -->\n<title>Telium relie les forces arm\u00e9es allemandes - Telium<\/title>\n<meta name=\"robots\" content=\"index, follow, max-snippet:-1, max-image-preview:large, max-video-preview:-1\" \/>\n<link rel=\"canonical\" href=\"https:\/\/telium.io\/fr\/telium-relie-les-forces-armees-allemandes\/\" \/>\n<meta property=\"og:locale\" content=\"fr_FR\" \/>\n<meta property=\"og:type\" content=\"article\" \/>\n<meta property=\"og:title\" content=\"Telium relie les forces arm\u00e9es allemandes - Telium\" \/>\n<meta property=\"og:description\" content=\"Telium est fier de fournir ses produits de haute disponibilit\u00e9 et de s\u00e9curit\u00e9 alors que les forces arm\u00e9es allemandes int\u00e8grent leurs r\u00e9seaux radio s\u00e9curis\u00e9s avec SIP.\" \/>\n<meta property=\"og:url\" content=\"https:\/\/telium.io\/fr\/telium-relie-les-forces-armees-allemandes\/\" \/>\n<meta property=\"og:site_name\" content=\"Telium\" \/>\n<meta property=\"article:publisher\" content=\"https:\/\/www.facebook.com\/pages\/category\/Telecommunication-Company\/Telium-1581395458787072\/\" \/>\n<meta property=\"article:published_time\" content=\"2022-03-03T02:38:55+00:00\" \/>\n<meta property=\"og:image\" content=\"https:\/\/telium.io\/wp-content\/uploads\/sites\/6\/2022\/03\/2022-german-armed-forces.jpg\" \/>\n\t<meta property=\"og:image:width\" content=\"640\" \/>\n\t<meta property=\"og:image:height\" content=\"404\" \/>\n\t<meta property=\"og:image:type\" content=\"image\/jpeg\" \/>\n<meta name=\"author\" content=\"WebMaster\" \/>\n<meta name=\"twitter:card\" content=\"summary_large_image\" \/>\n<meta name=\"twitter:creator\" content=\"@telium_io\" \/>\n<meta name=\"twitter:site\" content=\"@telium_io\" \/>\n<meta name=\"twitter:label1\" content=\"Written by\" \/>\n\t<meta name=\"twitter:data1\" content=\"WebMaster\" \/>\n<script type=\"application\/ld+json\" class=\"yoast-schema-graph\">{\"@context\":\"https:\\\/\\\/schema.org\",\"@graph\":[{\"@type\":\"Article\",\"@id\":\"https:\\\/\\\/telium.io\\\/fr\\\/telium-relie-les-forces-armees-allemandes\\\/#article\",\"isPartOf\":{\"@id\":\"https:\\\/\\\/telium.io\\\/fr\\\/telium-relie-les-forces-armees-allemandes\\\/\"},\"author\":{\"name\":\"WebMaster\",\"@id\":\"https:\\\/\\\/telium.io\\\/fr\\\/#\\\/schema\\\/person\\\/6549a46bce254c23e83fc0eeea0469a6\"},\"headline\":\"Telium relie les forces arm\u00e9es allemandes\",\"datePublished\":\"2022-03-03T02:38:55+00:00\",\"mainEntityOfPage\":{\"@id\":\"https:\\\/\\\/telium.io\\\/fr\\\/telium-relie-les-forces-armees-allemandes\\\/\"},\"wordCount\":39,\"commentCount\":0,\"publisher\":{\"@id\":\"https:\\\/\\\/telium.io\\\/fr\\\/#organization\"},\"image\":{\"@id\":\"https:\\\/\\\/telium.io\\\/fr\\\/telium-relie-les-forces-armees-allemandes\\\/#primaryimage\"},\"thumbnailUrl\":\"https:\\\/\\\/telium.io\\\/wp-content\\\/uploads\\\/sites\\\/6\\\/2022\\\/03\\\/2022-german-armed-forces.jpg\",\"keywords\":[\"2022\",\"Allemand\",\"forces arm\u00e9es\",\"HAAst\"],\"articleSection\":[\"Nouvelles\"],\"inLanguage\":\"fr-FR\",\"potentialAction\":[{\"@type\":\"CommentAction\",\"name\":\"Comment\",\"target\":[\"https:\\\/\\\/telium.io\\\/fr\\\/telium-relie-les-forces-armees-allemandes\\\/#respond\"]}]},{\"@type\":\"WebPage\",\"@id\":\"https:\\\/\\\/telium.io\\\/fr\\\/telium-relie-les-forces-armees-allemandes\\\/\",\"url\":\"https:\\\/\\\/telium.io\\\/fr\\\/telium-relie-les-forces-armees-allemandes\\\/\",\"name\":\"Telium relie les forces arm\u00e9es allemandes - Telium\",\"isPartOf\":{\"@id\":\"https:\\\/\\\/telium.io\\\/fr\\\/#website\"},\"primaryImageOfPage\":{\"@id\":\"https:\\\/\\\/telium.io\\\/fr\\\/telium-relie-les-forces-armees-allemandes\\\/#primaryimage\"},\"image\":{\"@id\":\"https:\\\/\\\/telium.io\\\/fr\\\/telium-relie-les-forces-armees-allemandes\\\/#primaryimage\"},\"thumbnailUrl\":\"https:\\\/\\\/telium.io\\\/wp-content\\\/uploads\\\/sites\\\/6\\\/2022\\\/03\\\/2022-german-armed-forces.jpg\",\"datePublished\":\"2022-03-03T02:38:55+00:00\",\"breadcrumb\":{\"@id\":\"https:\\\/\\\/telium.io\\\/fr\\\/telium-relie-les-forces-armees-allemandes\\\/#breadcrumb\"},\"inLanguage\":\"fr-FR\",\"potentialAction\":[{\"@type\":\"ReadAction\",\"target\":[\"https:\\\/\\\/telium.io\\\/fr\\\/telium-relie-les-forces-armees-allemandes\\\/\"]}]},{\"@type\":\"ImageObject\",\"inLanguage\":\"fr-FR\",\"@id\":\"https:\\\/\\\/telium.io\\\/fr\\\/telium-relie-les-forces-armees-allemandes\\\/#primaryimage\",\"url\":\"https:\\\/\\\/telium.io\\\/wp-content\\\/uploads\\\/sites\\\/6\\\/2022\\\/03\\\/2022-german-armed-forces.jpg\",\"contentUrl\":\"https:\\\/\\\/telium.io\\\/wp-content\\\/uploads\\\/sites\\\/6\\\/2022\\\/03\\\/2022-german-armed-forces.jpg\",\"width\":640,\"height\":404},{\"@type\":\"BreadcrumbList\",\"@id\":\"https:\\\/\\\/telium.io\\\/fr\\\/telium-relie-les-forces-armees-allemandes\\\/#breadcrumb\",\"itemListElement\":[{\"@type\":\"ListItem\",\"position\":1,\"name\":\"Home\",\"item\":\"https:\\\/\\\/telium.io\\\/fr\\\/accueil\\\/\"},{\"@type\":\"ListItem\",\"position\":2,\"name\":\"Telium relie les forces arm\u00e9es allemandes\"}]},{\"@type\":\"WebSite\",\"@id\":\"https:\\\/\\\/telium.io\\\/fr\\\/#website\",\"url\":\"https:\\\/\\\/telium.io\\\/fr\\\/\",\"name\":\"Telium\",\"description\":\"T\u00e9l\u00e9phonie et T\u00e9l\u00e9matique\",\"publisher\":{\"@id\":\"https:\\\/\\\/telium.io\\\/fr\\\/#organization\"},\"potentialAction\":[{\"@type\":\"SearchAction\",\"target\":{\"@type\":\"EntryPoint\",\"urlTemplate\":\"https:\\\/\\\/telium.io\\\/fr\\\/?s={search_term_string}\"},\"query-input\":{\"@type\":\"PropertyValueSpecification\",\"valueRequired\":true,\"valueName\":\"search_term_string\"}}],\"inLanguage\":\"fr-FR\"},{\"@type\":\"Organization\",\"@id\":\"https:\\\/\\\/telium.io\\\/fr\\\/#organization\",\"name\":\"Telium\",\"url\":\"https:\\\/\\\/telium.io\\\/fr\\\/\",\"logo\":{\"@type\":\"ImageObject\",\"inLanguage\":\"fr-FR\",\"@id\":\"https:\\\/\\\/telium.io\\\/fr\\\/#\\\/schema\\\/logo\\\/image\\\/\",\"url\":\"https:\\\/\\\/telium.io\\\/wp-content\\\/uploads\\\/sites\\\/6\\\/2020\\\/01\\\/logo_o_800x800.png\",\"contentUrl\":\"https:\\\/\\\/telium.io\\\/wp-content\\\/uploads\\\/sites\\\/6\\\/2020\\\/01\\\/logo_o_800x800.png\",\"width\":800,\"height\":800,\"caption\":\"Telium\"},\"image\":{\"@id\":\"https:\\\/\\\/telium.io\\\/fr\\\/#\\\/schema\\\/logo\\\/image\\\/\"},\"sameAs\":[\"https:\\\/\\\/www.facebook.com\\\/pages\\\/category\\\/Telecommunication-Company\\\/Telium-1581395458787072\\\/\",\"https:\\\/\\\/x.com\\\/telium_io\",\"https:\\\/\\\/ca.linkedin.com\\\/company\\\/telium\"]},{\"@type\":\"Person\",\"@id\":\"https:\\\/\\\/telium.io\\\/fr\\\/#\\\/schema\\\/person\\\/6549a46bce254c23e83fc0eeea0469a6\",\"name\":\"WebMaster\",\"image\":{\"@type\":\"ImageObject\",\"inLanguage\":\"fr-FR\",\"@id\":\"https:\\\/\\\/secure.gravatar.com\\\/avatar\\\/0b68ee46b8f5c4de7d6010223aba7cf418e0e5d75e18ac0f8ed83da1bb82783f?s=96&d=identicon&r=g\",\"url\":\"https:\\\/\\\/secure.gravatar.com\\\/avatar\\\/0b68ee46b8f5c4de7d6010223aba7cf418e0e5d75e18ac0f8ed83da1bb82783f?s=96&d=identicon&r=g\",\"contentUrl\":\"https:\\\/\\\/secure.gravatar.com\\\/avatar\\\/0b68ee46b8f5c4de7d6010223aba7cf418e0e5d75e18ac0f8ed83da1bb82783f?s=96&d=identicon&r=g\",\"caption\":\"WebMaster\"},\"url\":\"https:\\\/\\\/telium.io\\\/fr\\\/author\\\/mstahl\\\/\"}]}<\/script>\n<!-- \/ Yoast SEO plugin. -->","yoast_head_json":{"title":"Telium relie les forces arm\u00e9es allemandes - Telium","robots":{"index":"index","follow":"follow","max-snippet":"max-snippet:-1","max-image-preview":"max-image-preview:large","max-video-preview":"max-video-preview:-1"},"canonical":"https:\/\/telium.io\/fr\/telium-relie-les-forces-armees-allemandes\/","og_locale":"fr_FR","og_type":"article","og_title":"Telium relie les forces arm\u00e9es allemandes - Telium","og_description":"Telium est fier de fournir ses produits de haute disponibilit\u00e9 et de s\u00e9curit\u00e9 alors que les forces arm\u00e9es allemandes int\u00e8grent leurs r\u00e9seaux radio s\u00e9curis\u00e9s avec SIP.","og_url":"https:\/\/telium.io\/fr\/telium-relie-les-forces-armees-allemandes\/","og_site_name":"Telium","article_publisher":"https:\/\/www.facebook.com\/pages\/category\/Telecommunication-Company\/Telium-1581395458787072\/","article_published_time":"2022-03-03T02:38:55+00:00","og_image":[{"width":640,"height":404,"url":"https:\/\/telium.io\/wp-content\/uploads\/sites\/6\/2022\/03\/2022-german-armed-forces.jpg","type":"image\/jpeg"}],"author":"WebMaster","twitter_card":"summary_large_image","twitter_creator":"@telium_io","twitter_site":"@telium_io","twitter_misc":{"Written by":"WebMaster"},"schema":{"@context":"https:\/\/schema.org","@graph":[{"@type":"Article","@id":"https:\/\/telium.io\/fr\/telium-relie-les-forces-armees-allemandes\/#article","isPartOf":{"@id":"https:\/\/telium.io\/fr\/telium-relie-les-forces-armees-allemandes\/"},"author":{"name":"WebMaster","@id":"https:\/\/telium.io\/fr\/#\/schema\/person\/6549a46bce254c23e83fc0eeea0469a6"},"headline":"Telium relie les forces arm\u00e9es allemandes","datePublished":"2022-03-03T02:38:55+00:00","mainEntityOfPage":{"@id":"https:\/\/telium.io\/fr\/telium-relie-les-forces-armees-allemandes\/"},"wordCount":39,"commentCount":0,"publisher":{"@id":"https:\/\/telium.io\/fr\/#organization"},"image":{"@id":"https:\/\/telium.io\/fr\/telium-relie-les-forces-armees-allemandes\/#primaryimage"},"thumbnailUrl":"https:\/\/telium.io\/wp-content\/uploads\/sites\/6\/2022\/03\/2022-german-armed-forces.jpg","keywords":["2022","Allemand","forces arm\u00e9es","HAAst"],"articleSection":["Nouvelles"],"inLanguage":"fr-FR","potentialAction":[{"@type":"CommentAction","name":"Comment","target":["https:\/\/telium.io\/fr\/telium-relie-les-forces-armees-allemandes\/#respond"]}]},{"@type":"WebPage","@id":"https:\/\/telium.io\/fr\/telium-relie-les-forces-armees-allemandes\/","url":"https:\/\/telium.io\/fr\/telium-relie-les-forces-armees-allemandes\/","name":"Telium relie les forces arm\u00e9es allemandes - Telium","isPartOf":{"@id":"https:\/\/telium.io\/fr\/#website"},"primaryImageOfPage":{"@id":"https:\/\/telium.io\/fr\/telium-relie-les-forces-armees-allemandes\/#primaryimage"},"image":{"@id":"https:\/\/telium.io\/fr\/telium-relie-les-forces-armees-allemandes\/#primaryimage"},"thumbnailUrl":"https:\/\/telium.io\/wp-content\/uploads\/sites\/6\/2022\/03\/2022-german-armed-forces.jpg","datePublished":"2022-03-03T02:38:55+00:00","breadcrumb":{"@id":"https:\/\/telium.io\/fr\/telium-relie-les-forces-armees-allemandes\/#breadcrumb"},"inLanguage":"fr-FR","potentialAction":[{"@type":"ReadAction","target":["https:\/\/telium.io\/fr\/telium-relie-les-forces-armees-allemandes\/"]}]},{"@type":"ImageObject","inLanguage":"fr-FR","@id":"https:\/\/telium.io\/fr\/telium-relie-les-forces-armees-allemandes\/#primaryimage","url":"https:\/\/telium.io\/wp-content\/uploads\/sites\/6\/2022\/03\/2022-german-armed-forces.jpg","contentUrl":"https:\/\/telium.io\/wp-content\/uploads\/sites\/6\/2022\/03\/2022-german-armed-forces.jpg","width":640,"height":404},{"@type":"BreadcrumbList","@id":"https:\/\/telium.io\/fr\/telium-relie-les-forces-armees-allemandes\/#breadcrumb","itemListElement":[{"@type":"ListItem","position":1,"name":"Home","item":"https:\/\/telium.io\/fr\/accueil\/"},{"@type":"ListItem","position":2,"name":"Telium relie les forces arm\u00e9es allemandes"}]},{"@type":"WebSite","@id":"https:\/\/telium.io\/fr\/#website","url":"https:\/\/telium.io\/fr\/","name":"Telium","description":"T\u00e9l\u00e9phonie et T\u00e9l\u00e9matique","publisher":{"@id":"https:\/\/telium.io\/fr\/#organization"},"potentialAction":[{"@type":"SearchAction","target":{"@type":"EntryPoint","urlTemplate":"https:\/\/telium.io\/fr\/?s={search_term_string}"},"query-input":{"@type":"PropertyValueSpecification","valueRequired":true,"valueName":"search_term_string"}}],"inLanguage":"fr-FR"},{"@type":"Organization","@id":"https:\/\/telium.io\/fr\/#organization","name":"Telium","url":"https:\/\/telium.io\/fr\/","logo":{"@type":"ImageObject","inLanguage":"fr-FR","@id":"https:\/\/telium.io\/fr\/#\/schema\/logo\/image\/","url":"https:\/\/telium.io\/wp-content\/uploads\/sites\/6\/2020\/01\/logo_o_800x800.png","contentUrl":"https:\/\/telium.io\/wp-content\/uploads\/sites\/6\/2020\/01\/logo_o_800x800.png","width":800,"height":800,"caption":"Telium"},"image":{"@id":"https:\/\/telium.io\/fr\/#\/schema\/logo\/image\/"},"sameAs":["https:\/\/www.facebook.com\/pages\/category\/Telecommunication-Company\/Telium-1581395458787072\/","https:\/\/x.com\/telium_io","https:\/\/ca.linkedin.com\/company\/telium"]},{"@type":"Person","@id":"https:\/\/telium.io\/fr\/#\/schema\/person\/6549a46bce254c23e83fc0eeea0469a6","name":"WebMaster","image":{"@type":"ImageObject","inLanguage":"fr-FR","@id":"https:\/\/secure.gravatar.com\/avatar\/0b68ee46b8f5c4de7d6010223aba7cf418e0e5d75e18ac0f8ed83da1bb82783f?s=96&d=identicon&r=g","url":"https:\/\/secure.gravatar.com\/avatar\/0b68ee46b8f5c4de7d6010223aba7cf418e0e5d75e18ac0f8ed83da1bb82783f?s=96&d=identicon&r=g","contentUrl":"https:\/\/secure.gravatar.com\/avatar\/0b68ee46b8f5c4de7d6010223aba7cf418e0e5d75e18ac0f8ed83da1bb82783f?s=96&d=identicon&r=g","caption":"WebMaster"},"url":"https:\/\/telium.io\/fr\/author\/mstahl\/"}]}},"_links":{"self":[{"href":"https:\/\/telium.io\/fr\/wp-json\/wp\/v2\/posts\/19718","targetHints":{"allow":["GET"]}}],"collection":[{"href":"https:\/\/telium.io\/fr\/wp-json\/wp\/v2\/posts"}],"about":[{"href":"https:\/\/telium.io\/fr\/wp-json\/wp\/v2\/types\/post"}],"author":[{"embeddable":true,"href":"https:\/\/telium.io\/fr\/wp-json\/wp\/v2\/users\/4"}],"replies":[{"embeddable":true,"href":"https:\/\/telium.io\/fr\/wp-json\/wp\/v2\/comments?post=19718"}],"version-history":[{"count":0,"href":"https:\/\/telium.io\/fr\/wp-json\/wp\/v2\/posts\/19718\/revisions"}],"wp:featuredmedia":[{"embeddable":true,"href":"https:\/\/telium.io\/fr\/wp-json\/wp\/v2\/media\/16926"}],"wp:attachment":[{"href":"https:\/\/telium.io\/fr\/wp-json\/wp\/v2\/media?parent=19718"}],"wp:term":[{"taxonomy":"category","embeddable":true,"href":"https:\/\/telium.io\/fr\/wp-json\/wp\/v2\/categories?post=19718"},{"taxonomy":"post_tag","embeddable":true,"href":"https:\/\/telium.io\/fr\/wp-json\/wp\/v2\/tags?post=19718"}],"curies":[{"name":"wp","href":"https:\/\/api.w.org\/{rel}","templated":true}]}}