{"id":16208,"date":"2020-03-15T13:32:40","date_gmt":"2020-03-15T18:32:40","guid":{"rendered":"https:\/\/telium.io\/telium-auf-der-internationalen-telekommunikationswoche-2020\/"},"modified":"2020-10-24T09:26:03","modified_gmt":"2020-10-24T14:26:03","slug":"telium-auf-der-internationalen-telekommunikationswoche-2020","status":"publish","type":"post","link":"https:\/\/telium.io\/de\/telium-auf-der-internationalen-telekommunikationswoche-2020\/","title":{"rendered":"Telium auf der Internationalen Telekommunikationswoche 2020"},"content":{"rendered":"<p>Treffen Sie Telium auf der International Telecoms Week (ITW) 2020. Telium wird eine virtuelle Suite \u00fcber Zoom und Skype hosten, an der Teliums Senior Management, Produktmanager und technische Leads teilnehmen. Von Gesch\u00e4ftsm\u00f6glichkeiten bis hin zu detaillierten technischen Fragen ist ITW der Ort, um zu erfahren, wie Telium Ihre Telekommunikationsherausforderungen l\u00f6sen kann. Kontaktieren Sie info@telium.io, um ein reserviertes Zeitfenster zu buchen, oder nehmen Sie einfach jederzeit an unserer virtuellen Suite teil, indem Sie auf die Links auf unserer Website klicken, w\u00e4hrend die Suite live ist.<\/p>\n","protected":false},"excerpt":{"rendered":"<p>Treffen Sie Telium auf der International Telecoms Week (ITW) 2020. Telium wird eine virtuelle Suite \u00fcber Zoom und Skype hosten, an der Teliums Senior Management, Produktmanager und technische Leads teilnehmen. Von Gesch\u00e4ftsm\u00f6glichkeiten bis hin zu detaillierten technischen Fragen ist ITW der Ort, um zu erfahren, wie Telium Ihre Telekommunikationsherausforderungen l\u00f6sen kann. Kontaktieren Sie info@telium.io, um ein reserviertes Zeitfenster zu buchen, oder nehmen Sie einfach jederzeit an unserer virtuellen Suite teil, indem Sie auf die Links auf unserer Website klicken, w\u00e4hrend  [&#8230;]<\/p>\n","protected":false},"author":4,"featured_media":14250,"comment_status":"open","ping_status":"open","sticky":false,"template":"","format":"standard","meta":{"_bbp_topic_count":0,"_bbp_reply_count":0,"_bbp_total_topic_count":0,"_bbp_total_reply_count":0,"_bbp_voice_count":0,"_bbp_anonymous_reply_count":0,"_bbp_topic_count_hidden":0,"_bbp_reply_count_hidden":0,"_bbp_forum_subforum_count":0,"footnotes":""},"categories":[101],"tags":[216,104,105,107,106,103],"class_list":["post-16208","post","type-post","status-publish","format-standard","has-post-thumbnail","hentry","category-nachrichten","tag-2020-de","tag-haast-de","tag-konferenz","tag-lodi-de","tag-pbxsync-de","tag-secast-de"],"yoast_head":"<!-- This site is optimized with the Yoast SEO plugin v27.5 - https:\/\/yoast.com\/product\/yoast-seo-wordpress\/ -->\n<title>Telium auf der Internationalen Telekommunikationswoche 2020<\/title>\n<meta name=\"description\" content=\"Treffen Sie das Telium-Team in unserer virtuellen Suite w\u00e4hrend der Internationalen Telekommunikationswoche 2020. Vom Senior Management \u00fcber Produktmanager bis hin zu technischen Leads.\" \/>\n<meta name=\"robots\" content=\"index, follow, max-snippet:-1, max-image-preview:large, max-video-preview:-1\" \/>\n<link rel=\"canonical\" href=\"https:\/\/telium.io\/de\/telium-auf-der-internationalen-telekommunikationswoche-2020\/\" \/>\n<meta property=\"og:locale\" content=\"de_DE\" \/>\n<meta property=\"og:type\" content=\"article\" \/>\n<meta property=\"og:title\" content=\"Telium auf der Internationalen Telekommunikationswoche 2020\" \/>\n<meta property=\"og:description\" content=\"Treffen Sie das Telium-Team in unserer virtuellen Suite w\u00e4hrend der Internationalen Telekommunikationswoche 2020. Vom Senior Management \u00fcber Produktmanager bis hin zu technischen Leads.\" \/>\n<meta property=\"og:url\" content=\"https:\/\/telium.io\/de\/telium-auf-der-internationalen-telekommunikationswoche-2020\/\" \/>\n<meta property=\"og:site_name\" content=\"Telium\" \/>\n<meta property=\"article:publisher\" content=\"https:\/\/www.facebook.com\/pages\/category\/Telecommunication-Company\/Telium-1581395458787072\/\" \/>\n<meta property=\"article:published_time\" content=\"2020-03-15T18:32:40+00:00\" \/>\n<meta property=\"article:modified_time\" content=\"2020-10-24T14:26:03+00:00\" \/>\n<meta property=\"og:image\" content=\"https:\/\/telium.io\/wp-content\/uploads\/sites\/6\/2020\/06\/itw-carrier-solutions.jpg\" \/>\n\t<meta property=\"og:image:width\" content=\"400\" \/>\n\t<meta property=\"og:image:height\" content=\"267\" \/>\n\t<meta property=\"og:image:type\" content=\"image\/jpeg\" \/>\n<meta name=\"author\" content=\"WebMaster\" \/>\n<meta name=\"twitter:card\" content=\"summary_large_image\" \/>\n<meta name=\"twitter:creator\" content=\"@telium_io\" \/>\n<meta name=\"twitter:site\" content=\"@telium_io\" \/>\n<meta name=\"twitter:label1\" content=\"Written by\" \/>\n\t<meta name=\"twitter:data1\" content=\"WebMaster\" \/>\n<script type=\"application\/ld+json\" class=\"yoast-schema-graph\">{\"@context\":\"https:\\\/\\\/schema.org\",\"@graph\":[{\"@type\":\"Article\",\"@id\":\"https:\\\/\\\/telium.io\\\/de\\\/telium-auf-der-internationalen-telekommunikationswoche-2020\\\/#article\",\"isPartOf\":{\"@id\":\"https:\\\/\\\/telium.io\\\/de\\\/telium-auf-der-internationalen-telekommunikationswoche-2020\\\/\"},\"author\":{\"name\":\"WebMaster\",\"@id\":\"https:\\\/\\\/telium.io\\\/de\\\/#\\\/schema\\\/person\\\/6549a46bce254c23e83fc0eeea0469a6\"},\"headline\":\"Telium auf der Internationalen Telekommunikationswoche 2020\",\"datePublished\":\"2020-03-15T18:32:40+00:00\",\"dateModified\":\"2020-10-24T14:26:03+00:00\",\"mainEntityOfPage\":{\"@id\":\"https:\\\/\\\/telium.io\\\/de\\\/telium-auf-der-internationalen-telekommunikationswoche-2020\\\/\"},\"wordCount\":94,\"commentCount\":0,\"publisher\":{\"@id\":\"https:\\\/\\\/telium.io\\\/de\\\/#organization\"},\"image\":{\"@id\":\"https:\\\/\\\/telium.io\\\/de\\\/telium-auf-der-internationalen-telekommunikationswoche-2020\\\/#primaryimage\"},\"thumbnailUrl\":\"https:\\\/\\\/telium.io\\\/wp-content\\\/uploads\\\/sites\\\/6\\\/2020\\\/06\\\/itw-carrier-solutions.jpg\",\"keywords\":[\"2020\",\"HAAst\",\"Konferenz\",\"Lodi\",\"PBXSync\",\"SecAst\"],\"articleSection\":[\"Nachrichten\"],\"inLanguage\":\"de-DE\",\"potentialAction\":[{\"@type\":\"CommentAction\",\"name\":\"Comment\",\"target\":[\"https:\\\/\\\/telium.io\\\/de\\\/telium-auf-der-internationalen-telekommunikationswoche-2020\\\/#respond\"]}]},{\"@type\":\"WebPage\",\"@id\":\"https:\\\/\\\/telium.io\\\/de\\\/telium-auf-der-internationalen-telekommunikationswoche-2020\\\/\",\"url\":\"https:\\\/\\\/telium.io\\\/de\\\/telium-auf-der-internationalen-telekommunikationswoche-2020\\\/\",\"name\":\"Telium auf der Internationalen Telekommunikationswoche 2020\",\"isPartOf\":{\"@id\":\"https:\\\/\\\/telium.io\\\/de\\\/#website\"},\"primaryImageOfPage\":{\"@id\":\"https:\\\/\\\/telium.io\\\/de\\\/telium-auf-der-internationalen-telekommunikationswoche-2020\\\/#primaryimage\"},\"image\":{\"@id\":\"https:\\\/\\\/telium.io\\\/de\\\/telium-auf-der-internationalen-telekommunikationswoche-2020\\\/#primaryimage\"},\"thumbnailUrl\":\"https:\\\/\\\/telium.io\\\/wp-content\\\/uploads\\\/sites\\\/6\\\/2020\\\/06\\\/itw-carrier-solutions.jpg\",\"datePublished\":\"2020-03-15T18:32:40+00:00\",\"dateModified\":\"2020-10-24T14:26:03+00:00\",\"description\":\"Treffen Sie das Telium-Team in unserer virtuellen Suite w\u00e4hrend der Internationalen Telekommunikationswoche 2020. Vom Senior Management \u00fcber Produktmanager bis hin zu technischen Leads.\",\"breadcrumb\":{\"@id\":\"https:\\\/\\\/telium.io\\\/de\\\/telium-auf-der-internationalen-telekommunikationswoche-2020\\\/#breadcrumb\"},\"inLanguage\":\"de-DE\",\"potentialAction\":[{\"@type\":\"ReadAction\",\"target\":[\"https:\\\/\\\/telium.io\\\/de\\\/telium-auf-der-internationalen-telekommunikationswoche-2020\\\/\"]}]},{\"@type\":\"ImageObject\",\"inLanguage\":\"de-DE\",\"@id\":\"https:\\\/\\\/telium.io\\\/de\\\/telium-auf-der-internationalen-telekommunikationswoche-2020\\\/#primaryimage\",\"url\":\"https:\\\/\\\/telium.io\\\/wp-content\\\/uploads\\\/sites\\\/6\\\/2020\\\/06\\\/itw-carrier-solutions.jpg\",\"contentUrl\":\"https:\\\/\\\/telium.io\\\/wp-content\\\/uploads\\\/sites\\\/6\\\/2020\\\/06\\\/itw-carrier-solutions.jpg\",\"width\":400,\"height\":267},{\"@type\":\"BreadcrumbList\",\"@id\":\"https:\\\/\\\/telium.io\\\/de\\\/telium-auf-der-internationalen-telekommunikationswoche-2020\\\/#breadcrumb\",\"itemListElement\":[{\"@type\":\"ListItem\",\"position\":1,\"name\":\"Home\",\"item\":\"https:\\\/\\\/telium.io\\\/de\\\/startseite\\\/\"},{\"@type\":\"ListItem\",\"position\":2,\"name\":\"Telium auf der Internationalen Telekommunikationswoche 2020\"}]},{\"@type\":\"WebSite\",\"@id\":\"https:\\\/\\\/telium.io\\\/de\\\/#website\",\"url\":\"https:\\\/\\\/telium.io\\\/de\\\/\",\"name\":\"Telium\",\"description\":\"Telefonie und Telematik\",\"publisher\":{\"@id\":\"https:\\\/\\\/telium.io\\\/de\\\/#organization\"},\"potentialAction\":[{\"@type\":\"SearchAction\",\"target\":{\"@type\":\"EntryPoint\",\"urlTemplate\":\"https:\\\/\\\/telium.io\\\/de\\\/?s={search_term_string}\"},\"query-input\":{\"@type\":\"PropertyValueSpecification\",\"valueRequired\":true,\"valueName\":\"search_term_string\"}}],\"inLanguage\":\"de-DE\"},{\"@type\":\"Organization\",\"@id\":\"https:\\\/\\\/telium.io\\\/de\\\/#organization\",\"name\":\"Telium\",\"url\":\"https:\\\/\\\/telium.io\\\/de\\\/\",\"logo\":{\"@type\":\"ImageObject\",\"inLanguage\":\"de-DE\",\"@id\":\"https:\\\/\\\/telium.io\\\/de\\\/#\\\/schema\\\/logo\\\/image\\\/\",\"url\":\"https:\\\/\\\/telium.io\\\/wp-content\\\/uploads\\\/sites\\\/6\\\/2020\\\/01\\\/logo_o_800x800.png\",\"contentUrl\":\"https:\\\/\\\/telium.io\\\/wp-content\\\/uploads\\\/sites\\\/6\\\/2020\\\/01\\\/logo_o_800x800.png\",\"width\":800,\"height\":800,\"caption\":\"Telium\"},\"image\":{\"@id\":\"https:\\\/\\\/telium.io\\\/de\\\/#\\\/schema\\\/logo\\\/image\\\/\"},\"sameAs\":[\"https:\\\/\\\/www.facebook.com\\\/pages\\\/category\\\/Telecommunication-Company\\\/Telium-1581395458787072\\\/\",\"https:\\\/\\\/x.com\\\/telium_io\",\"https:\\\/\\\/ca.linkedin.com\\\/company\\\/telium\"]},{\"@type\":\"Person\",\"@id\":\"https:\\\/\\\/telium.io\\\/de\\\/#\\\/schema\\\/person\\\/6549a46bce254c23e83fc0eeea0469a6\",\"name\":\"WebMaster\",\"image\":{\"@type\":\"ImageObject\",\"inLanguage\":\"de-DE\",\"@id\":\"https:\\\/\\\/secure.gravatar.com\\\/avatar\\\/0b68ee46b8f5c4de7d6010223aba7cf418e0e5d75e18ac0f8ed83da1bb82783f?s=96&d=identicon&r=g\",\"url\":\"https:\\\/\\\/secure.gravatar.com\\\/avatar\\\/0b68ee46b8f5c4de7d6010223aba7cf418e0e5d75e18ac0f8ed83da1bb82783f?s=96&d=identicon&r=g\",\"contentUrl\":\"https:\\\/\\\/secure.gravatar.com\\\/avatar\\\/0b68ee46b8f5c4de7d6010223aba7cf418e0e5d75e18ac0f8ed83da1bb82783f?s=96&d=identicon&r=g\",\"caption\":\"WebMaster\"},\"url\":\"https:\\\/\\\/telium.io\\\/de\\\/author\\\/mstahl\\\/\"}]}<\/script>\n<!-- \/ Yoast SEO plugin. -->","yoast_head_json":{"title":"Telium auf der Internationalen Telekommunikationswoche 2020","description":"Treffen Sie das Telium-Team in unserer virtuellen Suite w\u00e4hrend der Internationalen Telekommunikationswoche 2020. Vom Senior Management \u00fcber Produktmanager bis hin zu technischen Leads.","robots":{"index":"index","follow":"follow","max-snippet":"max-snippet:-1","max-image-preview":"max-image-preview:large","max-video-preview":"max-video-preview:-1"},"canonical":"https:\/\/telium.io\/de\/telium-auf-der-internationalen-telekommunikationswoche-2020\/","og_locale":"de_DE","og_type":"article","og_title":"Telium auf der Internationalen Telekommunikationswoche 2020","og_description":"Treffen Sie das Telium-Team in unserer virtuellen Suite w\u00e4hrend der Internationalen Telekommunikationswoche 2020. Vom Senior Management \u00fcber Produktmanager bis hin zu technischen Leads.","og_url":"https:\/\/telium.io\/de\/telium-auf-der-internationalen-telekommunikationswoche-2020\/","og_site_name":"Telium","article_publisher":"https:\/\/www.facebook.com\/pages\/category\/Telecommunication-Company\/Telium-1581395458787072\/","article_published_time":"2020-03-15T18:32:40+00:00","article_modified_time":"2020-10-24T14:26:03+00:00","og_image":[{"width":400,"height":267,"url":"https:\/\/telium.io\/wp-content\/uploads\/sites\/6\/2020\/06\/itw-carrier-solutions.jpg","type":"image\/jpeg"}],"author":"WebMaster","twitter_card":"summary_large_image","twitter_creator":"@telium_io","twitter_site":"@telium_io","twitter_misc":{"Written by":"WebMaster"},"schema":{"@context":"https:\/\/schema.org","@graph":[{"@type":"Article","@id":"https:\/\/telium.io\/de\/telium-auf-der-internationalen-telekommunikationswoche-2020\/#article","isPartOf":{"@id":"https:\/\/telium.io\/de\/telium-auf-der-internationalen-telekommunikationswoche-2020\/"},"author":{"name":"WebMaster","@id":"https:\/\/telium.io\/de\/#\/schema\/person\/6549a46bce254c23e83fc0eeea0469a6"},"headline":"Telium auf der Internationalen Telekommunikationswoche 2020","datePublished":"2020-03-15T18:32:40+00:00","dateModified":"2020-10-24T14:26:03+00:00","mainEntityOfPage":{"@id":"https:\/\/telium.io\/de\/telium-auf-der-internationalen-telekommunikationswoche-2020\/"},"wordCount":94,"commentCount":0,"publisher":{"@id":"https:\/\/telium.io\/de\/#organization"},"image":{"@id":"https:\/\/telium.io\/de\/telium-auf-der-internationalen-telekommunikationswoche-2020\/#primaryimage"},"thumbnailUrl":"https:\/\/telium.io\/wp-content\/uploads\/sites\/6\/2020\/06\/itw-carrier-solutions.jpg","keywords":["2020","HAAst","Konferenz","Lodi","PBXSync","SecAst"],"articleSection":["Nachrichten"],"inLanguage":"de-DE","potentialAction":[{"@type":"CommentAction","name":"Comment","target":["https:\/\/telium.io\/de\/telium-auf-der-internationalen-telekommunikationswoche-2020\/#respond"]}]},{"@type":"WebPage","@id":"https:\/\/telium.io\/de\/telium-auf-der-internationalen-telekommunikationswoche-2020\/","url":"https:\/\/telium.io\/de\/telium-auf-der-internationalen-telekommunikationswoche-2020\/","name":"Telium auf der Internationalen Telekommunikationswoche 2020","isPartOf":{"@id":"https:\/\/telium.io\/de\/#website"},"primaryImageOfPage":{"@id":"https:\/\/telium.io\/de\/telium-auf-der-internationalen-telekommunikationswoche-2020\/#primaryimage"},"image":{"@id":"https:\/\/telium.io\/de\/telium-auf-der-internationalen-telekommunikationswoche-2020\/#primaryimage"},"thumbnailUrl":"https:\/\/telium.io\/wp-content\/uploads\/sites\/6\/2020\/06\/itw-carrier-solutions.jpg","datePublished":"2020-03-15T18:32:40+00:00","dateModified":"2020-10-24T14:26:03+00:00","description":"Treffen Sie das Telium-Team in unserer virtuellen Suite w\u00e4hrend der Internationalen Telekommunikationswoche 2020. Vom Senior Management \u00fcber Produktmanager bis hin zu technischen Leads.","breadcrumb":{"@id":"https:\/\/telium.io\/de\/telium-auf-der-internationalen-telekommunikationswoche-2020\/#breadcrumb"},"inLanguage":"de-DE","potentialAction":[{"@type":"ReadAction","target":["https:\/\/telium.io\/de\/telium-auf-der-internationalen-telekommunikationswoche-2020\/"]}]},{"@type":"ImageObject","inLanguage":"de-DE","@id":"https:\/\/telium.io\/de\/telium-auf-der-internationalen-telekommunikationswoche-2020\/#primaryimage","url":"https:\/\/telium.io\/wp-content\/uploads\/sites\/6\/2020\/06\/itw-carrier-solutions.jpg","contentUrl":"https:\/\/telium.io\/wp-content\/uploads\/sites\/6\/2020\/06\/itw-carrier-solutions.jpg","width":400,"height":267},{"@type":"BreadcrumbList","@id":"https:\/\/telium.io\/de\/telium-auf-der-internationalen-telekommunikationswoche-2020\/#breadcrumb","itemListElement":[{"@type":"ListItem","position":1,"name":"Home","item":"https:\/\/telium.io\/de\/startseite\/"},{"@type":"ListItem","position":2,"name":"Telium auf der Internationalen Telekommunikationswoche 2020"}]},{"@type":"WebSite","@id":"https:\/\/telium.io\/de\/#website","url":"https:\/\/telium.io\/de\/","name":"Telium","description":"Telefonie und Telematik","publisher":{"@id":"https:\/\/telium.io\/de\/#organization"},"potentialAction":[{"@type":"SearchAction","target":{"@type":"EntryPoint","urlTemplate":"https:\/\/telium.io\/de\/?s={search_term_string}"},"query-input":{"@type":"PropertyValueSpecification","valueRequired":true,"valueName":"search_term_string"}}],"inLanguage":"de-DE"},{"@type":"Organization","@id":"https:\/\/telium.io\/de\/#organization","name":"Telium","url":"https:\/\/telium.io\/de\/","logo":{"@type":"ImageObject","inLanguage":"de-DE","@id":"https:\/\/telium.io\/de\/#\/schema\/logo\/image\/","url":"https:\/\/telium.io\/wp-content\/uploads\/sites\/6\/2020\/01\/logo_o_800x800.png","contentUrl":"https:\/\/telium.io\/wp-content\/uploads\/sites\/6\/2020\/01\/logo_o_800x800.png","width":800,"height":800,"caption":"Telium"},"image":{"@id":"https:\/\/telium.io\/de\/#\/schema\/logo\/image\/"},"sameAs":["https:\/\/www.facebook.com\/pages\/category\/Telecommunication-Company\/Telium-1581395458787072\/","https:\/\/x.com\/telium_io","https:\/\/ca.linkedin.com\/company\/telium"]},{"@type":"Person","@id":"https:\/\/telium.io\/de\/#\/schema\/person\/6549a46bce254c23e83fc0eeea0469a6","name":"WebMaster","image":{"@type":"ImageObject","inLanguage":"de-DE","@id":"https:\/\/secure.gravatar.com\/avatar\/0b68ee46b8f5c4de7d6010223aba7cf418e0e5d75e18ac0f8ed83da1bb82783f?s=96&d=identicon&r=g","url":"https:\/\/secure.gravatar.com\/avatar\/0b68ee46b8f5c4de7d6010223aba7cf418e0e5d75e18ac0f8ed83da1bb82783f?s=96&d=identicon&r=g","contentUrl":"https:\/\/secure.gravatar.com\/avatar\/0b68ee46b8f5c4de7d6010223aba7cf418e0e5d75e18ac0f8ed83da1bb82783f?s=96&d=identicon&r=g","caption":"WebMaster"},"url":"https:\/\/telium.io\/de\/author\/mstahl\/"}]}},"_links":{"self":[{"href":"https:\/\/telium.io\/de\/wp-json\/wp\/v2\/posts\/16208","targetHints":{"allow":["GET"]}}],"collection":[{"href":"https:\/\/telium.io\/de\/wp-json\/wp\/v2\/posts"}],"about":[{"href":"https:\/\/telium.io\/de\/wp-json\/wp\/v2\/types\/post"}],"author":[{"embeddable":true,"href":"https:\/\/telium.io\/de\/wp-json\/wp\/v2\/users\/4"}],"replies":[{"embeddable":true,"href":"https:\/\/telium.io\/de\/wp-json\/wp\/v2\/comments?post=16208"}],"version-history":[{"count":1,"href":"https:\/\/telium.io\/de\/wp-json\/wp\/v2\/posts\/16208\/revisions"}],"predecessor-version":[{"id":16209,"href":"https:\/\/telium.io\/de\/wp-json\/wp\/v2\/posts\/16208\/revisions\/16209"}],"wp:featuredmedia":[{"embeddable":true,"href":"https:\/\/telium.io\/de\/wp-json\/wp\/v2\/media\/14250"}],"wp:attachment":[{"href":"https:\/\/telium.io\/de\/wp-json\/wp\/v2\/media?parent=16208"}],"wp:term":[{"taxonomy":"category","embeddable":true,"href":"https:\/\/telium.io\/de\/wp-json\/wp\/v2\/categories?post=16208"},{"taxonomy":"post_tag","embeddable":true,"href":"https:\/\/telium.io\/de\/wp-json\/wp\/v2\/tags?post=16208"}],"curies":[{"name":"wp","href":"https:\/\/api.w.org\/{rel}","templated":true}]}}